{"id":31412,"date":"2026-02-13T08:42:56","date_gmt":"2026-02-13T08:42:56","guid":{"rendered":"https:\/\/www.mawigroup.ch\/?p=31412"},"modified":"2026-02-13T15:17:11","modified_gmt":"2026-02-13T15:17:11","slug":"plusieurs-taches","status":"publish","type":"post","link":"https:\/\/www.mawigroup.ch\/de\/2026\/02\/plusieurs-taches\/","title":{"rendered":"Plusieurs t\u00e2ches"},"content":{"rendered":"<p style=\"font-weight: 400;\"><strong>mawi Ing\u00e9nieurs conseils SA<\/strong> et <strong>K\u00e4lin &amp; Associ\u00e9s SA<\/strong>, toutes deux soci\u00e9t\u00e9s de mawiGroup, uniront leurs comp\u00e9tences pour former une seule entit\u00e9 \u00e0 l\u2019horizon de juin 2026. Cette \u00e9volution strat\u00e9gique marque une \u00e9tape cl\u00e9 de notre d\u00e9veloppement et renforce notre position dans le paysage de l\u2019ing\u00e9nierie civile en Suisse romande.<\/p>\n<p style=\"font-weight: 400;\">Port\u00e9e par une croissance soutenue et des perspectives r\u00e9jouissantes, notre soci\u00e9t\u00e9 lausannoise poursuit son expansion et renforce ses \u00e9quipes dans des domaines essentiels tels que les infrastructures ferroviaires et routi\u00e8res ainsi que les structures de b\u00e2timents.<\/p>\n<p style=\"font-weight: 400;\">Ce qui nous distingue au quotidien : une approche fond\u00e9e sur l\u2019\u00e9thique, la flexibilit\u00e9, le dynamisme et une r\u00e9activit\u00e9 \u00e9lev\u00e9e dans la r\u00e9solution de probl\u00e9matiques techniques complexes, toujours au plus pr\u00e8s des besoins de nos clients.<\/p>\n<p style=\"font-weight: 400;\">Nos strat\u00e9gies s\u2019inscrivent dans une vision \u00e0 long terme, int\u00e9grant les \u00e9volutions technologiques, les r\u00e9alit\u00e9s du march\u00e9 et les valeurs sociales qui fa\u00e7onnent l\u2019ing\u00e9nierie de demain.<\/p>\n<p style=\"font-weight: 400;\">Rejoindre notre \u00e9quipe, c\u2019est prendre part \u00e0 une aventure collective stimulante, \u00e9voluer dans un environnement ouvert, collaboratif et engag\u00e9, et contribuer concr\u00e8tement \u00e0 la r\u00e9alisation de projets durables et porteurs de sens.<\/p>\n<p style=\"font-weight: 400;\">Afin de poursuivre une croissance ma\u00eetris\u00e9e de notre soci\u00e9t\u00e9 lausannoise, nous sommes \u00e0 la recherche d\u2019un(e)\u00a0:<\/p>\n<ul>\n<li>\n<div><b><span lang=\"FR-CH\">Chef.fe de domaine Infrastructure \u2013 Ing\u00e9nieur.e civil.e dipl\u00f4m\u00e9.e EPFL ou HES avec des r\u00e9f\u00e9rences CFF et OFROU<\/p>\n<p><\/span><\/b><\/div>\n<\/li>\n<li>\n<div>\n<div><b><span lang=\"FR-CH\">Chef.fe de domaine Structures \u2013 Ing\u00e9nieur.e civil.e exp\u00e9riment\u00e9.e dipl\u00f4m\u00e9.e EPFL ou HES avec des comp\u00e9tences dans le domaine des structures complexes<\/p>\n<p><\/span><\/b><\/div>\n<\/div>\n<\/li>\n<li>\n<div>\n<div><b><span lang=\"FR-CH\">Ing\u00e9nieur.e civil.e Junior dipl\u00f4m\u00e9.e EPFL avec un fort int\u00e9r\u00eat pour le g\u00e9nie parasismique et les ouvrages patrimoniaux<\/p>\n<p><\/span><\/b><\/div>\n<\/div>\n<\/li>\n<li>\n<div>\n<div><b><span lang=\"FR-CH\">Directeur.trice adjoint.e des travaux \u2013 Ing.HES \/ Tech.ES avec des r\u00e9f\u00e9rences dans le domaine des infrastructures routi\u00e8res et ferroviaires<\/p>\n<p><\/span><\/b><\/div>\n<\/div>\n<\/li>\n<li>\n<div><b><span lang=\"FR-CH\">Dessinateur.trice exp\u00e9riment\u00e9.e AutoCAD et Revit int\u00e9ress\u00e9.e par des projets de structures en b\u00e9ton arm\u00e9, acier ou bois ainsi que par les r\u00e9seaux de canalisations<\/span><\/b><\/div>\n<\/li>\n<\/ul>\n<p style=\"font-weight: 400;\">Nous vous offrons l\u2019opportunit\u00e9 d\u2019\u00e9voluer dans un environnement de travail serein, ouvert et participatif, fond\u00e9 sur le dialogue et la confiance, o\u00f9 chaque membre de l\u2019\u00e9quipe constitue une v\u00e9ritable richesse pour notre entreprise.<\/p>\n<p style=\"font-weight: 400;\">Nous garantissons par ailleurs la plus stricte confidentialit\u00e9 dans le traitement de votre candidature.<\/p>\n<p style=\"font-weight: 400;\">Pour toute information compl\u00e9mentaire, n\u2019h\u00e9sitez pas \u00e0 contacter :<\/p>\n<p style=\"font-weight: 400;\">M. Jean Perez<\/p>\n<p style=\"font-weight: 400;\">\ud83d\udcde 079 596 28 20<\/p>\n<p><span style=\"font-weight: 400;\">\u2709\ufe0f<\/span><a href=\"mailto:jean.perez@mawi-ingenieurs.ch\"><span style=\"font-weight: 400;\"> jean.perez@mawi-ingenieurs.ch<\/span><\/a><\/p>","protected":false},"excerpt":{"rendered":"<p>mawi Ing\u00e9nieurs conseils SA et K\u00e4lin &amp; Associ\u00e9s SA, toutes deux soci\u00e9t\u00e9s de mawiGroup, uniront leurs comp\u00e9tences pour former une seule entit\u00e9 \u00e0 l\u2019horizon de juin 2026. Cette \u00e9volution strat\u00e9gique marque une \u00e9tape cl\u00e9 de notre d\u00e9veloppement et renforce notre position dans le paysage de l\u2019ing\u00e9nierie civile en Suisse romande. Port\u00e9e par une croissance soutenue [&hellip;]<\/p>","protected":false},"author":1,"featured_media":0,"comment_status":"closed","ping_status":"closed","sticky":false,"template":"","format":"standard","meta":{"footnotes":""},"categories":[1],"tags":[236],"_links":{"self":[{"href":"https:\/\/www.mawigroup.ch\/de\/wp-json\/wp\/v2\/posts\/31412"}],"collection":[{"href":"https:\/\/www.mawigroup.ch\/de\/wp-json\/wp\/v2\/posts"}],"about":[{"href":"https:\/\/www.mawigroup.ch\/de\/wp-json\/wp\/v2\/types\/post"}],"author":[{"embeddable":true,"href":"https:\/\/www.mawigroup.ch\/de\/wp-json\/wp\/v2\/users\/1"}],"replies":[{"embeddable":true,"href":"https:\/\/www.mawigroup.ch\/de\/wp-json\/wp\/v2\/comments?post=31412"}],"version-history":[{"count":4,"href":"https:\/\/www.mawigroup.ch\/de\/wp-json\/wp\/v2\/posts\/31412\/revisions"}],"predecessor-version":[{"id":31427,"href":"https:\/\/www.mawigroup.ch\/de\/wp-json\/wp\/v2\/posts\/31412\/revisions\/31427"}],"wp:attachment":[{"href":"https:\/\/www.mawigroup.ch\/de\/wp-json\/wp\/v2\/media?parent=31412"}],"wp:term":[{"taxonomy":"category","embeddable":true,"href":"https:\/\/www.mawigroup.ch\/de\/wp-json\/wp\/v2\/categories?post=31412"},{"taxonomy":"post_tag","embeddable":true,"href":"https:\/\/www.mawigroup.ch\/de\/wp-json\/wp\/v2\/tags?post=31412"}],"curies":[{"name":"wp","href":"https:\/\/api.w.org\/{rel}","templated":true}]}}